{"id":366,"date":"2018-07-13T15:18:55","date_gmt":"2018-07-13T13:18:55","guid":{"rendered":"http:\/\/portal.adas.de\/home\/?p=366"},"modified":"2020-11-24T11:44:07","modified_gmt":"2020-11-24T10:44:07","slug":"loi-elektronisches-rezept","status":"publish","type":"post","link":"https:\/\/portal.adas.de\/home\/index.php\/2018\/07\/13\/loi-elektronisches-rezept\/","title":{"rendered":"LOI Elektronisches Rezept"},"content":{"rendered":"<p>[et_pb_section fb_built=&#8220;1&#8243; _builder_version=&#8220;3.22&#8243; custom_margin=&#8220;0px||0px&#8220; custom_padding=&#8220;0||0px|23px|false|false&#8220; top_divider_height=&#8220;10px&#8220; bottom_divider_height=&#8220;10px&#8220; box_shadow_style=&#8220;preset2&#8243;][et_pb_row module_class=&#8220; et_pb_row_fullwidth&#8220; _builder_version=&#8220;3.25&#8243; width=&#8220;89%&#8220; width_tablet=&#8220;80%&#8220; width_last_edited=&#8220;on|desktop&#8220; max_width=&#8220;89%&#8220; max_width_tablet=&#8220;80%&#8220; max_width_last_edited=&#8220;on|desktop&#8220; module_alignment=&#8220;center&#8220; custom_padding=&#8220;30px|0px|21.55px|0px|false|false&#8220; make_fullwidth=&#8220;on&#8220; custom_width_px=&#8220;2057px&#8220;][et_pb_column type=&#8220;4_4&#8243; _builder_version=&#8220;3.25&#8243; custom_padding=&#8220;|||&#8220; custom_padding__hover=&#8220;|||&#8220;][et_pb_blurb title=&#8220;Gemeinsamer Letter of Intent zur elektronischen Verordnung&#8220; image=&#8220;https:\/\/portal.adas.de\/home\/wp-content\/uploads\/2019\/05\/LOI_eRezept-2.png&#8220; content_max_width=&#8220;1100px&#8220; _builder_version=&#8220;4.7.3&#8243; hover_enabled=&#8220;0&#8243; title_text=&#8220;LOI_eRezept&#8220; sticky_enabled=&#8220;0&#8243;]<\/p>\n<p style=\"color: #444444; font-family: Arial,Helvetica,sans-serif; font-size: 14px; font-style: normal; font-variant: normal; font-weight: 400; letter-spacing: normal; orphans: 2; text-align: left; text-decoration: none; text-indent: 0px; text-transform: none; -webkit-text-stroke-width: 0px; white-space: normal; word-spacing: 0px; margin: 15px 0px 15px 0px;\"><em style=\"color: #06056a; font-style: italic;\">Berlin, 13. Juli 2018<\/em><\/p>\n<p style=\"color: #444444; font-family: Arial,Helvetica,sans-serif; font-size: 14px; font-style: normal; font-variant: normal; font-weight: 400; letter-spacing: normal; orphans: 2; text-align: left; text-decoration: none; text-indent: 0px; text-transform: none; -webkit-text-stroke-width: 0px; white-space: normal; word-spacing: 0px; margin: 15px 0px 15px 0px;\">Die elektronische Verordnung (eVerordnung) wird perspektivisch die bislang \u00fcblichen Papierrezepte abl\u00f6sen. Um verbindliche, deutschlandweite und industrieoffene Standards zu entwickeln, haben die ABDA \u2013 Bundesvereinigung Deutscher Apothekerverb\u00e4nde e.V., der ADAS \u2013 Bundesverband Deutscher Apothekensoftwareh\u00e4user e.V. und der VDARZ \u2013 Bundesverband Deutscher Apothekenrechenzentren e.V. einen \u201aLetter of intent\u2018 zur gemeinsamen Entwicklung und Umsetzung einer eVerordnung verabschiedet. Ziel ist die Umsetzung eines Modellprojektes, das eine \u00dcberf\u00fchrung in die Telematikinfrastruktur erlaubt. Bisherige Ideen zur eVerordnung scheitern gerade an dieser H\u00fcrde. Besonderes Augenmerk legen die drei Partner auf die autonome Entscheidung des Patienten, wo und wie die Arzneimittelverordnung in die Apotheke gelangt.<\/p>\n<p style=\"color: #444444; font-family: Arial,Helvetica,sans-serif; font-size: 14px; font-style: normal; font-variant: normal; font-weight: 400; letter-spacing: normal; orphans: 2; text-align: left; text-decoration: none; text-indent: 0px; text-transform: none; -webkit-text-stroke-width: 0px; white-space: normal; word-spacing: 0px; margin: 15px 0px 15px 0px;\">ABDA-Pr\u00e4sident Friedemann Schmidt: \u201eWir sind kein abgeschlossener Club \u2013 alle Apothekenrechenzentren und Softwareh\u00e4user sind eingeladen, sich an der Entwicklung zu beteiligen. Auch sp\u00e4ter soll jeder Marktteilnehmer die M\u00f6glichkeit haben, \u00fcber standardisierte \u00dcbertragungswege und Schnittstellen unsere Systeml\u00f6sung zu nutzen.\u201c<\/p>\n<p style=\"color: #444444; font-family: Arial,Helvetica,sans-serif; font-size: 14px; font-style: normal; font-variant: normal; font-weight: 400; letter-spacing: normal; orphans: 2; text-align: left; text-decoration: none; text-indent: 0px; text-transform: none; -webkit-text-stroke-width: 0px; white-space: normal; word-spacing: 0px; margin: 15px 0px 15px 0px;\">&#8222;Basis unserer technischen Entwicklungen wird die Telematik-Infrastruktur sein. Alle L\u00f6sungen, die wir erarbeiten, werden mit ihr kompatibel sein&#8220;, erl\u00e4utert Lars Polap, Vorsitzender des ADAS.<\/p>\n<p style=\"color: #444444; font-family: Arial,Helvetica,sans-serif; font-size: 14px; font-style: normal; font-variant: normal; font-weight: 400; letter-spacing: normal; orphans: 2; text-align: left; text-decoration: none; text-indent: 0px; text-transform: none; -webkit-text-stroke-width: 0px; white-space: normal; word-spacing: 0px; margin: 15px 0px 15px 0px;\">Werner Dick, Vorstandsvorsitzender de VDARZ: &#8222;Der umfassende Schutz von Patienten-und Rezpeptdaten und deren Sicherheit sind f\u00fcr uns das wichtigste Kriterium bei der gemeinsamen Entwicklung der eVerordnung.&#8220;<\/p>\n<p style=\"color: #444444; font-family: Arial,Helvetica,sans-serif; font-size: 14px; font-style: normal; font-variant: normal; font-weight: 400; letter-spacing: normal; orphans: 2; text-align: left; text-decoration: none; text-indent: 0px; text-transform: none; -webkit-text-stroke-width: 0px; white-space: normal; word-spacing: 0px; margin: 15px 0px 15px 0px;\">Die drei Partner gehen davon aus, dass &#8211; zeitlich begrenzt &#8211; ein Nebeneinander von analogen und elektronischen Verordnungen notwendig sein wird.<\/p>\n<p style=\"color: #444444; font-family: Arial,Helvetica,sans-serif; font-size: 14px; font-style: normal; font-variant: normal; font-weight: 400; letter-spacing: normal; orphans: 2; text-align: left; text-decoration: none; text-indent: 0px; text-transform: none; -webkit-text-stroke-width: 0px; white-space: normal; word-spacing: 0px; margin: 15px 0px 15px 0px;\">Weitere Informationen unter <a style=\"color: #cd0007; text-decoration: none;\" href=\"http:\/\/www.abda.de\/\">www.abda.de<\/a> und <a style=\"color: #cd0007; text-decoration: none;\" href=\"http:\/\/www.adas.de\/\">www.adas.de<\/a><\/p>\n<p style=\"color: #444444; font-family: Arial,Helvetica,sans-serif; font-size: 14px; font-style: normal; font-variant: normal; font-weight: 400; letter-spacing: normal; orphans: 2; text-align: left; text-decoration: none; text-indent: 0px; text-transform: none; -webkit-text-stroke-width: 0px; white-space: normal; word-spacing: 0px; margin: 15px 0px 15px 0px;\">Ansprechpartner:<\/p>\n<p style=\"color: #444444; font-family: Arial,Helvetica,sans-serif; font-size: 14px; font-style: normal; font-variant: normal; font-weight: 400; letter-spacing: normal; orphans: 2; text-align: left; text-decoration: none; text-indent: 0px; text-transform: none; -webkit-text-stroke-width: 0px; white-space: normal; word-spacing: 0px; margin: 15px 0px 15px 0px;\"><strong style=\"font-weight: bold;\">ABDA<\/strong>: Dr. Reiner Kern, Pressesprecher, Tel. 030-40004-132, <span id=\"cloakade7956c9b5f43d3dffc1a6e3f51c0f5\"><a style=\"color: #cd0007; text-decoration: none;\">presse@abda.de<\/a><\/span> und Dr. Ursula Sellerberg, Stellv. Pressesprecherin, Tel. 030-40004-134, <span id=\"cloak1821bc833d39a730bc6ce1e77168fcd9\"><a style=\"color: #cd0007; text-decoration: none;\">u.sellerberg@abda.de<\/a><\/span><\/p>\n<p style=\"color: #444444; font-family: Arial,Helvetica,sans-serif; font-size: 14px; font-style: normal; font-variant: normal; font-weight: 400; letter-spacing: normal; orphans: 2; text-align: left; text-decoration: none; text-indent: 0px; text-transform: none; -webkit-text-stroke-width: 0px; white-space: normal; word-spacing: 0px; margin: 15px 0px 15px 0px;\"><strong style=\"font-weight: bold;\">ADAS<\/strong>: Lars Polap, Tel. 08151-4442-910, <span id=\"cloak6c3c9c2d7de34779bdc1887f7a41e7b2\"><a style=\"color: #cd0007; text-decoration: none;\">l.polap@adas.de<\/a><\/span><\/p>\n<p style=\"color: #444444; font-family: Arial,Helvetica,sans-serif; font-size: 14px; font-style: normal; font-variant: normal; font-weight: 400; letter-spacing: normal; orphans: 2; text-align: left; text-decoration: none; text-indent: 0px; text-transform: none; -webkit-text-stroke-width: 0px; white-space: normal; word-spacing: 0px; margin: 15px 0px 0px 0px;\"><strong style=\"font-weight: bold;\">VDARZ<\/strong>: Werner Dick, Tel: 06531-9661-0, <span id=\"cloak39eb8ba06d8c3394d6d4b99e335baf0f\"><a style=\"color: #cd0007; text-decoration: none;\">Werner.Dick@avc-dick.de<\/a><\/span><\/p>\n<p style=\"color: #444444; font-family: Arial,Helvetica,sans-serif; font-size: 14px; font-style: normal; font-variant: normal; font-weight: 400; letter-spacing: normal; orphans: 2; text-align: left; text-decoration: none; text-indent: 0px; text-transform: none; -webkit-text-stroke-width: 0px; white-space: normal; word-spacing: 0px; margin: 15px 0px 15px 0px;\">.<\/p>\n<p>[\/et_pb_blurb][\/et_pb_column][\/et_pb_row][\/et_pb_section]<\/p>\n","protected":false},"excerpt":{"rendered":"<p>[et_pb_section fb_built=&#8220;1&#8243; _builder_version=&#8220;3.22&#8243; custom_margin=&#8220;0px||0px&#8220; custom_padding=&#8220;0||0px|23px|false|false&#8220; top_divider_height=&#8220;10px&#8220; bottom_divider_height=&#8220;10px&#8220; box_shadow_style=&#8220;preset2&#8243;][et_pb_row module_class=&#8220; et_pb_row_fullwidth&#8220; _builder_version=&#8220;3.25&#8243; width=&#8220;89%&#8220; width_tablet=&#8220;80%&#8220; width_last_edited=&#8220;on|desktop&#8220; max_width=&#8220;89%&#8220; max_width_tablet=&#8220;80%&#8220; max_width_last_edited=&#8220;on|desktop&#8220; module_alignment=&#8220;center&#8220; custom_padding=&#8220;30px|0px|21.55px|0px|false|false&#8220; make_fullwidth=&#8220;on&#8220; custom_width_px=&#8220;2057px&#8220;][et_pb_column type=&#8220;4_4&#8243; _builder_version=&#8220;3.25&#8243; custom_padding=&#8220;|||&#8220; custom_padding__hover=&#8220;|||&#8220;][et_pb_blurb title=&#8220;Gemeinsamer Letter of Intent zur elektronischen Verordnung&#8220; image=&#8220;https:\/\/portal.adas.de\/home\/wp-content\/uploads\/2019\/05\/LOI_eRezept-2.png&#8220; content_max_width=&#8220;1100px&#8220; _builder_version=&#8220;4.7.3&#8243; hover_enabled=&#8220;0&#8243; title_text=&#8220;LOI_eRezept&#8220; sticky_enabled=&#8220;0&#8243;] Berlin, 13. Juli 2018 Die elektronische Verordnung (eVerordnung) wird perspektivisch die bislang \u00fcblichen Papierrezepte abl\u00f6sen. Um verbindliche, [&hellip;]<\/p>\n","protected":false},"author":1,"featured_media":0,"comment_status":"open","ping_status":"open","sticky":false,"template":"","format":"standard","meta":{"_et_pb_use_builder":"on","_et_pb_old_content":"","_et_gb_content_width":"","footnotes":""},"categories":[12],"tags":[],"class_list":["post-366","post","type-post","status-publish","format-standard","hentry","category-mitteilungen"],"_links":{"self":[{"href":"https:\/\/portal.adas.de\/home\/index.php\/wp-json\/wp\/v2\/posts\/366","targetHints":{"allow":["GET"]}}],"collection":[{"href":"https:\/\/portal.adas.de\/home\/index.php\/wp-json\/wp\/v2\/posts"}],"about":[{"href":"https:\/\/portal.adas.de\/home\/index.php\/wp-json\/wp\/v2\/types\/post"}],"author":[{"embeddable":true,"href":"https:\/\/portal.adas.de\/home\/index.php\/wp-json\/wp\/v2\/users\/1"}],"replies":[{"embeddable":true,"href":"https:\/\/portal.adas.de\/home\/index.php\/wp-json\/wp\/v2\/comments?post=366"}],"version-history":[{"count":10,"href":"https:\/\/portal.adas.de\/home\/index.php\/wp-json\/wp\/v2\/posts\/366\/revisions"}],"predecessor-version":[{"id":404,"href":"https:\/\/portal.adas.de\/home\/index.php\/wp-json\/wp\/v2\/posts\/366\/revisions\/404"}],"wp:attachment":[{"href":"https:\/\/portal.adas.de\/home\/index.php\/wp-json\/wp\/v2\/media?parent=366"}],"wp:term":[{"taxonomy":"category","embeddable":true,"href":"https:\/\/portal.adas.de\/home\/index.php\/wp-json\/wp\/v2\/categories?post=366"},{"taxonomy":"post_tag","embeddable":true,"href":"https:\/\/portal.adas.de\/home\/index.php\/wp-json\/wp\/v2\/tags?post=366"}],"curies":[{"name":"wp","href":"https:\/\/api.w.org\/{rel}","templated":true}]}}