{"id":699,"date":"2019-09-11T07:36:00","date_gmt":"2019-09-11T05:36:00","guid":{"rendered":"https:\/\/portal.adas.de\/home\/?p=699"},"modified":"2023-02-02T07:37:11","modified_gmt":"2023-02-02T06:37:11","slug":"veraenderungen-im-vorstand-des-bundesverbands-deutscher-apotheken-softwarehaeuser-adas-e-v","status":"publish","type":"post","link":"https:\/\/portal.adas.de\/home\/index.php\/2019\/09\/11\/veraenderungen-im-vorstand-des-bundesverbands-deutscher-apotheken-softwarehaeuser-adas-e-v\/","title":{"rendered":"Ver\u00e4nderungen im Vorstand des Bundesverbands Deutscher Apotheken-Softwareh\u00e4user (ADAS) e. V."},"content":{"rendered":"\n<p>Am 11. September 2019 fand in Frankfurt die j\u00e4hrliche Mitgliederversammlung des Bundesverband Deutscher Apothekensoftwareh\u00e4user (ADAS) statt. Neben den aktuellen Themen standen turnusgem\u00e4\u00df Wahlen zum Vorstand auf der Tagesordnung. Nach sechs Jahren als Vorsitzender kandidierte Lars Polap (PHARMATECHNIK) nicht erneut f\u00fcr den Vorsitz. Zu seinem Nachfolger w\u00e4hlten die Softwareh\u00e4user einstimmig Gerhard Haas (ADG). Zu dessen Stellvertretern bestimmten die Mitglieder Lars Polap und Hauke Stirler (PRISMA Datensysteme). In der Funktion des Schatzmeisters komplettiert Stephan Haux (NOVENTI) den Vorstand. Das Amt \u00fcbernimmt er von Sven Bertram (ebenfalls NOVENTI).<\/p>\n\n\n\n<p>Der Branchenverband blickt auf ein ereignisreiches Jahr zur\u00fcck. Zahlreiche intensive Projekte wie securPharm, der neue Rahmenvertrag, eRezept und Telematik sowie die anstehende Kassensicherungsverordnung haben zu einem immensen Abstimmungs- und Arbeitsaufwand bei den Mitgliedern und Partnern gef\u00fchrt. In seinem Bericht wies der noch amtierende Vorsitzende Lars Polap insbesondere auf die Bedeutung der guten Zusammenarbeit des ADAS mit der ABDA, der NGDA, der AVOXA, dem PHAGRO und dem VDARZ zur Bew\u00e4ltigung der aktuellen Herausforderungen hin. Mit dem <a href=\"http:\/\/adas.de\/index.php\/36-gemeinsamer-letter-of-intent-zur-elektronischen-verordnung\">Letter of Intent<\/a> (LOI) zur elektronischen Verordnung und der daraus resultierenden Gestaltung des GERDA eRezept-Servers gelang ein weiterer Beitrag zu einem wichtigen Digitalisierungsprojekt im Gesundheitswesen.<\/p>\n","protected":false},"excerpt":{"rendered":"<p>Am 11. September 2019 fand in Frankfurt die j\u00e4hrliche Mitgliederversammlung des Bundesverband Deutscher Apothekensoftwareh\u00e4user (ADAS) statt. Neben den aktuellen Themen standen turnusgem\u00e4\u00df Wahlen zum Vorstand auf der Tagesordnung. Nach sechs Jahren als Vorsitzender kandidierte Lars Polap (PHARMATECHNIK) nicht erneut f\u00fcr den Vorsitz. Zu seinem Nachfolger w\u00e4hlten die Softwareh\u00e4user einstimmig Gerhard Haas (ADG). Zu dessen Stellvertretern [&hellip;]<\/p>\n","protected":false},"author":4,"featured_media":0,"comment_status":"open","ping_status":"open","sticky":false,"template":"","format":"standard","meta":{"_et_pb_use_builder":"","_et_pb_old_content":"","_et_gb_content_width":"","footnotes":""},"categories":[12],"tags":[],"class_list":["post-699","post","type-post","status-publish","format-standard","hentry","category-mitteilungen"],"_links":{"self":[{"href":"https:\/\/portal.adas.de\/home\/index.php\/wp-json\/wp\/v2\/posts\/699","targetHints":{"allow":["GET"]}}],"collection":[{"href":"https:\/\/portal.adas.de\/home\/index.php\/wp-json\/wp\/v2\/posts"}],"about":[{"href":"https:\/\/portal.adas.de\/home\/index.php\/wp-json\/wp\/v2\/types\/post"}],"author":[{"embeddable":true,"href":"https:\/\/portal.adas.de\/home\/index.php\/wp-json\/wp\/v2\/users\/4"}],"replies":[{"embeddable":true,"href":"https:\/\/portal.adas.de\/home\/index.php\/wp-json\/wp\/v2\/comments?post=699"}],"version-history":[{"count":1,"href":"https:\/\/portal.adas.de\/home\/index.php\/wp-json\/wp\/v2\/posts\/699\/revisions"}],"predecessor-version":[{"id":700,"href":"https:\/\/portal.adas.de\/home\/index.php\/wp-json\/wp\/v2\/posts\/699\/revisions\/700"}],"wp:attachment":[{"href":"https:\/\/portal.adas.de\/home\/index.php\/wp-json\/wp\/v2\/media?parent=699"}],"wp:term":[{"taxonomy":"category","embeddable":true,"href":"https:\/\/portal.adas.de\/home\/index.php\/wp-json\/wp\/v2\/categories?post=699"},{"taxonomy":"post_tag","embeddable":true,"href":"https:\/\/portal.adas.de\/home\/index.php\/wp-json\/wp\/v2\/tags?post=699"}],"curies":[{"name":"wp","href":"https:\/\/api.w.org\/{rel}","templated":true}]}}